{"id":1092,"date":"2026-04-28T13:00:11","date_gmt":"2026-04-28T11:00:11","guid":{"rendered":"https:\/\/www.moore-salzburg.at\/?p=1092"},"modified":"2026-04-28T13:00:17","modified_gmt":"2026-04-28T11:00:17","slug":"verantwortliche-beauftragte","status":"publish","type":"post","link":"https:\/\/www.moore-salzburg.at\/tr\/verantwortliche-beauftragte\/","title":{"rendered":"\u0130dare hukuku alan\u0131nda sorumlu temsilci"},"content":{"rendered":"<h3 class=\"wp-block-heading\">\u0130dari Su\u00e7 Hukukunda Sorumlu Vekil: \u015eirketlerin Bilmesi Gerekenler<\/h3>\n\n\n\n<p>\u0130\u015f d\u00fcnyas\u0131n\u0131n bir\u00e7ok alan\u0131nda, i\u015f\u00e7i haklar\u0131n\u0131n korunmas\u0131ndan \u00e7al\u0131\u015fma saatleri yasalar\u0131na ve LSD-BG, A\u00dcG veya AuslBG gibi \u00f6zel konulardan karma\u015f\u0131k idari d\u00fczenlemeler bulunmaktad\u0131r. Bu d\u00fczenlemeler ihlal edildi\u011finde, h\u0131zla idari para cezalar\u0131na yol a\u00e7abilir. \u00d6zellikle hassas olan \u015fu ki: Uygun bir organizasyon ve sorumlu temsilciler olmadan, cezalar d\u00fczenli olarak t\u00fcm y\u00f6neticileri ki\u015fisel olarak etkiler \u2013 bir ihlal asl\u0131nda \u00e7al\u0131\u015fanlar taraf\u0131ndan i\u015flenmi\u015f olsa bile. <\/p>\n\n\n\n<p>Etkili bir \u00e7\u00f6z\u00fcm, TCC Md. 9'a g\u00f6re sorumlu temsilciler atanmas\u0131d\u0131r. Ancak, bunlar\u0131n atanmas\u0131 yaln\u0131zca bi\u00e7imsel ve organizasyonel olarak do\u011fru yap\u0131ld\u0131\u011f\u0131nda sorumlulu\u011fu ortadan kald\u0131r\u0131r. Bu makale, \u015firketlerin dikkate almas\u0131 gereken en \u00f6nemli noktalara k\u0131sa bir genel bak\u0131\u015f sunmaktad\u0131r.<\/p>\n\n\n\n<h4 class=\"wp-block-heading\">Sorumlu temsilcilerin neden bu kadar \u00f6nemli oldu\u011fu<\/h4>\n\n\n\n<p>\u00d6zel \u00f6nlemler al\u0131nmad\u0131\u011f\u0131 takdirde, idari para cezas\u0131 hukukunda bir \u201e\u00e7arp\u0131m etkisi\u201c ge\u00e7erlidir: Birden fazla genel m\u00fcd\u00fcr varsa, ayn\u0131 idari para cezas\u0131 birden fazla kez uygulanabilir. Bu nedenle, maa\u015f bordrosundaki veya i\u015f\u00e7i sa\u011fl\u0131\u011f\u0131 ve g\u00fcvenli\u011fi ihlallerindeki usuli hatalar bile \u00f6nemli maliyetlere yol a\u00e7abilir.<\/p>\n\n\n\n<p>Ancak, yetkili bir sorumlu atan\u0131rsa, belirli alanlara ili\u015fkin idari para cezas\u0131 sorumlulu\u011fu bu ki\u015fiye ge\u00e7er.<\/p>\n\n\n\n<p><strong>\u00d6rnek:<\/strong><br>Sipari\u015f olmadan, \u00fc\u00e7 ki\u015filik y\u00f6netim kurulu ihlal durumunda her biri \u00f6rne\u011fin 25.000 EUR ceza ile kar\u015f\u0131 kar\u015f\u0131ya kalabilir, yani toplamda 75.000 EUR.<br>Sorumlu bir temsilci usul\u00fcne uygun olarak atanm\u0131\u015fsa, ceza yaln\u0131zca ona uygulan\u0131r - y\u00f6neticilerin \u00f6deme yapmas\u0131 gerekmez.<\/p>\n\n\n\n<h4 class=\"wp-block-heading\">Sipari\u015f i\u00e7in hangi \u00f6n ko\u015fullar ge\u00e7erlidir?<\/h4>\n\n\n\n<p>Bir sipari\u015fin ger\u00e7ekten ge\u00e7erli olmas\u0131 i\u00e7in, <strong>t\u00fcm a\u015fa\u011f\u0131daki ko\u015fullar kar\u015f\u0131lan\u0131yor <\/strong>olmak<\/p>\n\n\n\n<p><strong>Uygun ki\u015fi<\/strong><\/p>\n\n\n\n<p>Sorumlu Ki\u015filer \u015funlar\u0131 yapmal\u0131d\u0131r:<\/p>\n\n\n\n<ul class=\"wp-block-list\">\n<li>yetki sahibi ger\u00e7ek ki\u015fi olmak,<\/li>\n\n\n\n<li>Avusturya'da (veya buna uygun olarak teslim edilebilir) ikamet eden,<\/li>\n\n\n\n<li>cezai takibata u\u011framak,<\/li>\n\n\n\n<li>ve sipari\u015fi a\u00e7\u0131k\u00e7a kabul etmek.<\/li>\n<\/ul>\n\n\n\n<p>Genellikle \u00fcst d\u00fczey y\u00f6neticiler veya \u015firket m\u00fcd\u00fcrleri dikkate al\u0131n\u0131r.<\/p>\n\n\n\n<p><strong>2. A\u00e7\u0131k\u00e7a tan\u0131mlanm\u0131\u015f yetki alan\u0131<\/strong><\/p>\n\n\n\n<p>Sorumluluk alan\u0131 a\u00e7\u0131k\u00e7a tan\u0131mlanmal\u0131d\u0131r \u2013 mekansal, konu baz\u0131nda veya her ikisi. \u201eAra\u00e7 park\u0131ndan sorumlu olmak\u201c gibi \u00e7ok belirsiz ifadeler etkisizdir. Kabul g\u00f6ren \u00f6rnekler \u015funlard\u0131r:<\/p>\n\n\n\n<ul class=\"wp-block-list\">\n<li>X lokasyonunda \u00e7al\u0131\u015fma s\u00fcresi mevzuat\u0131na uyum<\/li>\n\n\n\n<li>\u00c7al\u0131\u015fanlar\u0131 koruma h\u00fck\u00fcmlerine ili\u015fkin sorumluluk<\/li>\n\n\n\n<li>Yap\u0131m ve altyap\u0131 i\u015flerinden sorumlu makam<\/li>\n<\/ul>\n\n\n\n<p><strong>3. Ger\u00e7ek D\u00fczenleme Yetkisi<\/strong><\/p>\n\n\n\n<p>Yetkili, yetkili olmal\u0131d\u0131r,<\/p>\n\n\n\n<ul class=\"wp-block-list\">\n<li>talimatlar vermek,<\/li>\n\n\n\n<li>\u00f6nlemler almak,<\/li>\n\n\n\n<li>ve aksakl\u0131klar\u0131 gidermek i\u00e7in.<\/li>\n<\/ul>\n\n\n\n<p>Salt \u201ebildirim haklar\u0131\u201c yeterli de\u011fildir.<\/p>\n\n\n\n<p><strong>4. Yaz\u0131l\u0131 Sipari\u015f ve Onay<\/strong><\/p>\n\n\n\n<p>Sipari\u015f ve onay a\u00e7\u0131k\u00e7a belgelenmeli ve her t\u00fcrl\u00fc idari ihlalden \u00f6nce yap\u0131lmal\u0131d\u0131r.<\/p>\n\n\n\n<p><strong>5. Organizasyon ve Kontrol<\/strong><\/p>\n\n\n\n<p>Y\u00f6netim kurulu, a\u015fa\u011f\u0131dakilere ba\u011fl\u0131 kalmaya devam edecektir:,<\/p>\n\n\n\n<ul class=\"wp-block-list\">\n<li>uygun ki\u015filerin se\u00e7ilmesi,<\/li>\n\n\n\n<li>bunlar\u0131 e\u011fitmek,<\/li>\n\n\n\n<li>i\u015f tan\u0131mlar\u0131n\u0131 uyarlamak,<\/li>\n\n\n\n<li>ve sorumlu temsilcinin faaliyetlerini d\u00fczenli olarak denetlemek.<\/li>\n<\/ul>\n\n\n\n<p>Y\u00f6netimin g\u00f6zetim y\u00fck\u00fcml\u00fcl\u00fcklerinin, sorumluluk devredilse bile ortadan kalkmayaca\u011f\u0131n\u0131 unutmay\u0131n.<\/p>\n\n\n\n<h4 class=\"wp-block-heading\">\u00c7al\u0131\u015fanlar\u0131 g\u00f6revi \u00fcstlenmeye nas\u0131l motive edersiniz?<\/h4>\n\n\n\n<p>G\u00f6revin \u00fcstlenilmesi, ciddi durumlarda ki\u015fisel idari ceza hukuku sorumlulu\u011fu anlam\u0131na gelir. Bu nedenle \u015firketler adil bir b\u00fct\u00fcn paket sunmal\u0131d\u0131r - \u00f6rne\u011fin i\u015f primi, D&amp;O sigortas\u0131 kapsam\u0131 veya hukuki temsil masraflar\u0131n\u0131n kar\u015f\u0131lanmas\u0131 (kas\u0131t olmad\u0131k\u00e7a).<\/p>\n\n\n\n<p>Uygulamada g\u00f6r\u00fcnen o ki: Net \u00e7er\u00e7eveler ve ilgili g\u00fcvencelerle, \u00e7al\u0131\u015fanlar g\u00f6revi \u00fcstlenmeye isteklidir.<\/p>\n\n\n\n<h4 class=\"wp-block-heading\">Sipari\u015f verdikten sonra ne yapmal\u0131s\u0131n\u0131z?<\/h4>\n\n\n\n<ul class=\"wp-block-list\">\n<li><strong>\u015eirket i\u00e7i bilgiler:<\/strong> Meslekta\u015flar\u0131n, sorumlu yetkilinin talimatlar\u0131n\u0131n ba\u011flay\u0131c\u0131 oldu\u011funu bilmeleri gerekmektedir.<\/li>\n\n\n\n<li><strong>E\u011fitimler<\/strong> \u00d6zellikle karma\u015f\u0131k konularda (\u00f6rne\u011fin LSD-BG) d\u00fczenli ileri e\u011fitimler vazge\u00e7ilmezdir.<\/li>\n\n\n\n<li><strong>S\u00fcrekli \u0130zleme<\/strong> Y\u00f6netim, sorumluluk alan\u0131n\u0131n do\u011fru bir \u015fekilde yerine getirildi\u011finden emin olmal\u0131d\u0131r.<\/li>\n\n\n\n<li><strong>Belgelendirme<\/strong> Kontrol \u00f6nlemleri temiz bir \u015fekilde kaydedilmelidir.<\/li>\n<\/ul>\n\n\n\n<h4 class=\"wp-block-heading\">Sonu\u00e7: Y\u00fcksek gereklilikler - ancak net avantajlar<\/h4>\n\n\n\n<p>Yetkili ve sorumlu temsilcilerin atanmas\u0131, sorumluluktan ka\u00e7\u0131nman\u0131n \u00f6nemli bir unsurudur. \u00d6zellikle b\u00fcy\u00fck veya karma\u015f\u0131k yap\u0131daki \u015firketlerde, iyi yap\u0131lm\u0131\u015f, yaz\u0131l\u0131 ve organizasyonel olarak iyi d\u00fc\u015f\u00fcn\u00fclm\u00fc\u015f bir \u015fekilde yap\u0131lmas\u0131 ko\u015fuluyla, y\u00f6neticileri \u00f6nemli \u00f6l\u00e7\u00fcde rahatlat\u0131r.<\/p>\n\n\n\n<p>Sipari\u015f i\u00e7in ge\u00e7erlidir:<\/p>\n\n\n\n<ul class=\"wp-block-list\">\n<li>kesin sorumluluk alan\u0131<\/li>\n\n\n\n<li>ger\u00e7ek d\u00fczenleme yetkisi<\/li>\n\n\n\n<li>yaz\u0131l\u0131 onay<\/li>\n\n\n\n<li>d\u00fczenli kontrol<\/li>\n<\/ul>\n\n\n\n<p>Bu k\u00f6\u015fe noktalar\u0131 kar\u015f\u0131land\u0131\u011f\u0131nda, idari kabahat sorumlulu\u011fu etkin bir \u015fekilde atanan ki\u015fiye ge\u00e7er \u2013 ve y\u00f6neticiler ki\u015fisel risklerini \u00f6nemli \u00f6l\u00e7\u00fcde azalt\u0131r.<\/p>\n\n\n\n<p>  <\/p>\n\n\n\n<p>Olu\u015fturulma: 28.04.2026<br><sup>Kaynak: Lindeverlag\/Christian Fitz<\/sup><br><sup>Resim: Cottonbro <\/sup><\/p>\n\n\n\n<p><\/p>","protected":false},"excerpt":{"rendered":"<p>VStG Madde 9'a g\u00f6re sorumlu temsilci atanmas\u0131, belirli konularda y\u00f6neticilerin y\u00fck\u00fcn\u00fc hafifletmek a\u00e7\u0131s\u0131ndan \u00f6nemlidir. Ancak, bu atama yaln\u0131zca usul ve organizasyon a\u00e7\u0131s\u0131ndan do\u011fru yap\u0131ld\u0131\u011f\u0131nda y\u00fck hafifletici olur.<\/p>","protected":false},"author":10,"featured_media":1093,"comment_status":"closed","ping_status":"open","sticky":false,"template":"","format":"standard","meta":{"_acf_changed":true,"footnotes":""},"categories":[89,1],"tags":[120,119],"location":[],"class_list":["post-1092","post","type-post","status-publish","format-standard","has-post-thumbnail","hentry","category-arbeitsrecht","category-news","tag-geschaftsfuhrung","tag-verwaltungsstrafrecht"],"acf":[],"yoast_head":"<!-- This site is optimized with the Yoast SEO plugin v27.2 - https:\/\/yoast.com\/product\/yoast-seo-wordpress\/ -->\n<title>Verantwortliche Beauftragte im Verwaltungsstrafrecht | Moore Salzburg GmbH<\/title>\n<meta name=\"description\" content=\"Verantwortliche Beauftragte zu bestellen ist wichtig zur Entlastung von Gesch\u00e4ftsf\u00fchrer:innen: Die Bestellung muss korrekt erfolgen.\" \/>\n<meta name=\"robots\" content=\"index, follow, max-snippet:-1, max-image-preview:large, max-video-preview:-1\" \/>\n<link rel=\"canonical\" href=\"https:\/\/www.moore-salzburg.at\/tr\/verantwortliche-beauftragte\/\" \/>\n<meta property=\"og:locale\" content=\"tr_TR\" \/>\n<meta property=\"og:type\" content=\"article\" \/>\n<meta property=\"og:title\" content=\"Verantwortliche Beauftragte im Verwaltungsstrafrecht | Moore Salzburg GmbH\" \/>\n<meta property=\"og:description\" content=\"Verantwortliche Beauftragte zu bestellen ist wichtig zur Entlastung von Gesch\u00e4ftsf\u00fchrer:innen: Die Bestellung muss korrekt erfolgen.\" \/>\n<meta property=\"og:url\" content=\"https:\/\/www.moore-salzburg.at\/tr\/verantwortliche-beauftragte\/\" \/>\n<meta property=\"og:site_name\" content=\"Moore Salzburg GmbH\" \/>\n<meta property=\"article:publisher\" content=\"https:\/\/www.facebook.com\/MooreSalzburg\" \/>\n<meta property=\"article:published_time\" content=\"2026-04-28T11:00:11+00:00\" \/>\n<meta property=\"article:modified_time\" content=\"2026-04-28T11:00:17+00:00\" \/>\n<meta property=\"og:image\" content=\"https:\/\/www.moore-salzburg.at\/wp-content\/uploads\/sites\/5\/2026\/04\/2604_VerantwortlicheMA-Bestellung_pexels-cottonbro-6814525.jpg\" \/>\n\t<meta property=\"og:image:width\" content=\"1280\" \/>\n\t<meta property=\"og:image:height\" content=\"853\" \/>\n\t<meta property=\"og:image:type\" content=\"image\/jpeg\" \/>\n<meta name=\"author\" content=\"Ingrid Reitinger\" \/>\n<meta name=\"twitter:card\" content=\"summary_large_image\" \/>\n<meta name=\"twitter:label1\" content=\"Written by\" \/>\n\t<meta name=\"twitter:data1\" content=\"Ingrid Reitinger\" \/>\n\t<meta name=\"twitter:label2\" content=\"Est. reading time\" \/>\n\t<meta name=\"twitter:data2\" content=\"4 dakika\" \/>\n<script type=\"application\/ld+json\" class=\"yoast-schema-graph\">{\"@context\":\"https:\/\/schema.org\",\"@graph\":[{\"@type\":\"Article\",\"@id\":\"https:\/\/www.moore-salzburg.at\/verantwortliche-beauftragte\/#article\",\"isPartOf\":{\"@id\":\"https:\/\/www.moore-salzburg.at\/verantwortliche-beauftragte\/\"},\"author\":{\"name\":\"Ingrid Reitinger\",\"@id\":\"https:\/\/www.moore-salzburg.at\/#\/schema\/person\/0f57dc6f4cb19ab09633594fdaa61f58\"},\"headline\":\"Verantwortliche Beauftragte im Verwaltungsstrafrecht\",\"datePublished\":\"2026-04-28T11:00:11+00:00\",\"dateModified\":\"2026-04-28T11:00:17+00:00\",\"mainEntityOfPage\":{\"@id\":\"https:\/\/www.moore-salzburg.at\/verantwortliche-beauftragte\/\"},\"wordCount\":658,\"publisher\":{\"@id\":\"https:\/\/www.moore-salzburg.at\/#organization\"},\"image\":{\"@id\":\"https:\/\/www.moore-salzburg.at\/verantwortliche-beauftragte\/#primaryimage\"},\"thumbnailUrl\":\"https:\/\/www.moore-salzburg.at\/wp-content\/uploads\/sites\/5\/2026\/04\/2604_VerantwortlicheMA-Bestellung_pexels-cottonbro-6814525.jpg\",\"keywords\":[\"Gesch\u00e4ftsf\u00fchrung\",\"Verwaltungsstrafrecht\"],\"articleSection\":[\"Arbeitsrecht\",\"News\"],\"inLanguage\":\"tr\"},{\"@type\":\"WebPage\",\"@id\":\"https:\/\/www.moore-salzburg.at\/verantwortliche-beauftragte\/\",\"url\":\"https:\/\/www.moore-salzburg.at\/verantwortliche-beauftragte\/\",\"name\":\"Verantwortliche Beauftragte im Verwaltungsstrafrecht | Moore Salzburg GmbH\",\"isPartOf\":{\"@id\":\"https:\/\/www.moore-salzburg.at\/#website\"},\"primaryImageOfPage\":{\"@id\":\"https:\/\/www.moore-salzburg.at\/verantwortliche-beauftragte\/#primaryimage\"},\"image\":{\"@id\":\"https:\/\/www.moore-salzburg.at\/verantwortliche-beauftragte\/#primaryimage\"},\"thumbnailUrl\":\"https:\/\/www.moore-salzburg.at\/wp-content\/uploads\/sites\/5\/2026\/04\/2604_VerantwortlicheMA-Bestellung_pexels-cottonbro-6814525.jpg\",\"datePublished\":\"2026-04-28T11:00:11+00:00\",\"dateModified\":\"2026-04-28T11:00:17+00:00\",\"description\":\"Verantwortliche Beauftragte zu bestellen ist wichtig zur Entlastung von Gesch\u00e4ftsf\u00fchrer:innen: Die Bestellung muss korrekt erfolgen.\",\"breadcrumb\":{\"@id\":\"https:\/\/www.moore-salzburg.at\/verantwortliche-beauftragte\/#breadcrumb\"},\"inLanguage\":\"tr\",\"potentialAction\":[{\"@type\":\"ReadAction\",\"target\":[\"https:\/\/www.moore-salzburg.at\/verantwortliche-beauftragte\/\"]}]},{\"@type\":\"ImageObject\",\"inLanguage\":\"tr\",\"@id\":\"https:\/\/www.moore-salzburg.at\/verantwortliche-beauftragte\/#primaryimage\",\"url\":\"https:\/\/www.moore-salzburg.at\/wp-content\/uploads\/sites\/5\/2026\/04\/2604_VerantwortlicheMA-Bestellung_pexels-cottonbro-6814525.jpg\",\"contentUrl\":\"https:\/\/www.moore-salzburg.at\/wp-content\/uploads\/sites\/5\/2026\/04\/2604_VerantwortlicheMA-Bestellung_pexels-cottonbro-6814525.jpg\",\"width\":1280,\"height\":853,\"caption\":\"Mitarbeiter:innen richtig als Verantwortliche Beauftrage bestellen: Mann sitzt an einem Besprechungstisch\"},{\"@type\":\"BreadcrumbList\",\"@id\":\"https:\/\/www.moore-salzburg.at\/verantwortliche-beauftragte\/#breadcrumb\",\"itemListElement\":[{\"@type\":\"ListItem\",\"position\":1,\"name\":\"Home\",\"item\":\"https:\/\/www.moore-salzburg.at\/\"},{\"@type\":\"ListItem\",\"position\":2,\"name\":\"Verantwortliche Beauftragte im Verwaltungsstrafrecht\"}]},{\"@type\":\"WebSite\",\"@id\":\"https:\/\/www.moore-salzburg.at\/#website\",\"url\":\"https:\/\/www.moore-salzburg.at\/\",\"name\":\"Moore Salzburg GmbH\",\"description\":\"Ihr Begleiter in spannenden Zeiten: Steuerberatung | Wirtschaftspr\u00fcfung | Unternehmensberatung | Digital Business | an Ihrer Seite.\",\"publisher\":{\"@id\":\"https:\/\/www.moore-salzburg.at\/#organization\"},\"alternateName\":\"Moore Salzburg\",\"potentialAction\":[{\"@type\":\"SearchAction\",\"target\":{\"@type\":\"EntryPoint\",\"urlTemplate\":\"https:\/\/www.moore-salzburg.at\/?s={search_term_string}\"},\"query-input\":{\"@type\":\"PropertyValueSpecification\",\"valueRequired\":true,\"valueName\":\"search_term_string\"}}],\"inLanguage\":\"tr\"},{\"@type\":\"Organization\",\"@id\":\"https:\/\/www.moore-salzburg.at\/#organization\",\"name\":\"Moore Salzburg GmbH\",\"url\":\"https:\/\/www.moore-salzburg.at\/\",\"logo\":{\"@type\":\"ImageObject\",\"inLanguage\":\"tr\",\"@id\":\"https:\/\/www.moore-salzburg.at\/#\/schema\/logo\/image\/\",\"url\":\"https:\/\/www.moore-salzburg.at\/wp-content\/uploads\/sites\/5\/2025\/07\/Moore_Salzburg_Logo_RGB.png\",\"contentUrl\":\"https:\/\/www.moore-salzburg.at\/wp-content\/uploads\/sites\/5\/2025\/07\/Moore_Salzburg_Logo_RGB.png\",\"width\":2080,\"height\":312,\"caption\":\"Moore Salzburg GmbH\"},\"image\":{\"@id\":\"https:\/\/www.moore-salzburg.at\/#\/schema\/logo\/image\/\"},\"sameAs\":[\"https:\/\/www.facebook.com\/MooreSalzburg\",\"https:\/\/www.linkedin.com\/company\/moore-salzburg-gmbh\",\"https:\/\/www.instagram.com\/moore_salzburg\/\"]},{\"@type\":\"Person\",\"@id\":\"https:\/\/www.moore-salzburg.at\/#\/schema\/person\/0f57dc6f4cb19ab09633594fdaa61f58\",\"name\":\"Ingrid Reitinger\",\"image\":{\"@type\":\"ImageObject\",\"inLanguage\":\"tr\",\"@id\":\"https:\/\/secure.gravatar.com\/avatar\/5934def5243f7eaefac147bac7cf5eff045287d8cb0ee9d05cbc684d6553947c?s=96&d=mm&r=g\",\"url\":\"https:\/\/secure.gravatar.com\/avatar\/5934def5243f7eaefac147bac7cf5eff045287d8cb0ee9d05cbc684d6553947c?s=96&d=mm&r=g\",\"contentUrl\":\"https:\/\/secure.gravatar.com\/avatar\/5934def5243f7eaefac147bac7cf5eff045287d8cb0ee9d05cbc684d6553947c?s=96&d=mm&r=g\",\"caption\":\"Ingrid Reitinger\"},\"url\":\"https:\/\/www.moore-salzburg.at\/tr\/author\/ingridreitinger\/\"}]}<\/script>\n<!-- \/ Yoast SEO plugin. -->","yoast_head_json":{"title":"Verantwortliche Beauftragte im Verwaltungsstrafrecht | Moore Salzburg GmbH","description":"Verantwortliche Beauftragte zu bestellen ist wichtig zur Entlastung von Gesch\u00e4ftsf\u00fchrer:innen: Die Bestellung muss korrekt erfolgen.","robots":{"index":"index","follow":"follow","max-snippet":"max-snippet:-1","max-image-preview":"max-image-preview:large","max-video-preview":"max-video-preview:-1"},"canonical":"https:\/\/www.moore-salzburg.at\/tr\/verantwortliche-beauftragte\/","og_locale":"tr_TR","og_type":"article","og_title":"Verantwortliche Beauftragte im Verwaltungsstrafrecht | Moore Salzburg GmbH","og_description":"Verantwortliche Beauftragte zu bestellen ist wichtig zur Entlastung von Gesch\u00e4ftsf\u00fchrer:innen: Die Bestellung muss korrekt erfolgen.","og_url":"https:\/\/www.moore-salzburg.at\/tr\/verantwortliche-beauftragte\/","og_site_name":"Moore Salzburg GmbH","article_publisher":"https:\/\/www.facebook.com\/MooreSalzburg","article_published_time":"2026-04-28T11:00:11+00:00","article_modified_time":"2026-04-28T11:00:17+00:00","og_image":[{"width":1280,"height":853,"url":"https:\/\/www.moore-salzburg.at\/wp-content\/uploads\/sites\/5\/2026\/04\/2604_VerantwortlicheMA-Bestellung_pexels-cottonbro-6814525.jpg","type":"image\/jpeg"}],"author":"Ingrid Reitinger","twitter_card":"summary_large_image","twitter_misc":{"Written by":"Ingrid Reitinger","Est. reading time":"4 dakika"},"schema":{"@context":"https:\/\/schema.org","@graph":[{"@type":"Article","@id":"https:\/\/www.moore-salzburg.at\/verantwortliche-beauftragte\/#article","isPartOf":{"@id":"https:\/\/www.moore-salzburg.at\/verantwortliche-beauftragte\/"},"author":{"name":"Ingrid Reitinger","@id":"https:\/\/www.moore-salzburg.at\/#\/schema\/person\/0f57dc6f4cb19ab09633594fdaa61f58"},"headline":"Verantwortliche Beauftragte im Verwaltungsstrafrecht","datePublished":"2026-04-28T11:00:11+00:00","dateModified":"2026-04-28T11:00:17+00:00","mainEntityOfPage":{"@id":"https:\/\/www.moore-salzburg.at\/verantwortliche-beauftragte\/"},"wordCount":658,"publisher":{"@id":"https:\/\/www.moore-salzburg.at\/#organization"},"image":{"@id":"https:\/\/www.moore-salzburg.at\/verantwortliche-beauftragte\/#primaryimage"},"thumbnailUrl":"https:\/\/www.moore-salzburg.at\/wp-content\/uploads\/sites\/5\/2026\/04\/2604_VerantwortlicheMA-Bestellung_pexels-cottonbro-6814525.jpg","keywords":["Gesch\u00e4ftsf\u00fchrung","Verwaltungsstrafrecht"],"articleSection":["Arbeitsrecht","News"],"inLanguage":"tr"},{"@type":"WebPage","@id":"https:\/\/www.moore-salzburg.at\/verantwortliche-beauftragte\/","url":"https:\/\/www.moore-salzburg.at\/verantwortliche-beauftragte\/","name":"Verantwortliche Beauftragte im Verwaltungsstrafrecht | Moore Salzburg GmbH","isPartOf":{"@id":"https:\/\/www.moore-salzburg.at\/#website"},"primaryImageOfPage":{"@id":"https:\/\/www.moore-salzburg.at\/verantwortliche-beauftragte\/#primaryimage"},"image":{"@id":"https:\/\/www.moore-salzburg.at\/verantwortliche-beauftragte\/#primaryimage"},"thumbnailUrl":"https:\/\/www.moore-salzburg.at\/wp-content\/uploads\/sites\/5\/2026\/04\/2604_VerantwortlicheMA-Bestellung_pexels-cottonbro-6814525.jpg","datePublished":"2026-04-28T11:00:11+00:00","dateModified":"2026-04-28T11:00:17+00:00","description":"Verantwortliche Beauftragte zu bestellen ist wichtig zur Entlastung von Gesch\u00e4ftsf\u00fchrer:innen: Die Bestellung muss korrekt erfolgen.","breadcrumb":{"@id":"https:\/\/www.moore-salzburg.at\/verantwortliche-beauftragte\/#breadcrumb"},"inLanguage":"tr","potentialAction":[{"@type":"ReadAction","target":["https:\/\/www.moore-salzburg.at\/verantwortliche-beauftragte\/"]}]},{"@type":"ImageObject","inLanguage":"tr","@id":"https:\/\/www.moore-salzburg.at\/verantwortliche-beauftragte\/#primaryimage","url":"https:\/\/www.moore-salzburg.at\/wp-content\/uploads\/sites\/5\/2026\/04\/2604_VerantwortlicheMA-Bestellung_pexels-cottonbro-6814525.jpg","contentUrl":"https:\/\/www.moore-salzburg.at\/wp-content\/uploads\/sites\/5\/2026\/04\/2604_VerantwortlicheMA-Bestellung_pexels-cottonbro-6814525.jpg","width":1280,"height":853,"caption":"Mitarbeiter:innen richtig als Verantwortliche Beauftrage bestellen: Mann sitzt an einem Besprechungstisch"},{"@type":"BreadcrumbList","@id":"https:\/\/www.moore-salzburg.at\/verantwortliche-beauftragte\/#breadcrumb","itemListElement":[{"@type":"ListItem","position":1,"name":"Home","item":"https:\/\/www.moore-salzburg.at\/"},{"@type":"ListItem","position":2,"name":"Verantwortliche Beauftragte im Verwaltungsstrafrecht"}]},{"@type":"WebSite","@id":"https:\/\/www.moore-salzburg.at\/#website","url":"https:\/\/www.moore-salzburg.at\/","name":"Moore Salzburg GmbH","description":"Heyecan verici zamanlarda yol arkada\u015f\u0131n\u0131z: Vergi dan\u0131\u015fmanl\u0131\u011f\u0131 | Denetim | Y\u00f6netim dan\u0131\u015fmanl\u0131\u011f\u0131 | Dijital i\u015f | yan\u0131n\u0131zda.","publisher":{"@id":"https:\/\/www.moore-salzburg.at\/#organization"},"alternateName":"Moore Salzburg","potentialAction":[{"@type":"SearchAction","target":{"@type":"EntryPoint","urlTemplate":"https:\/\/www.moore-salzburg.at\/?s={search_term_string}"},"query-input":{"@type":"PropertyValueSpecification","valueRequired":true,"valueName":"search_term_string"}}],"inLanguage":"tr"},{"@type":"Organization","@id":"https:\/\/www.moore-salzburg.at\/#organization","name":"Moore Salzburg GmbH","url":"https:\/\/www.moore-salzburg.at\/","logo":{"@type":"ImageObject","inLanguage":"tr","@id":"https:\/\/www.moore-salzburg.at\/#\/schema\/logo\/image\/","url":"https:\/\/www.moore-salzburg.at\/wp-content\/uploads\/sites\/5\/2025\/07\/Moore_Salzburg_Logo_RGB.png","contentUrl":"https:\/\/www.moore-salzburg.at\/wp-content\/uploads\/sites\/5\/2025\/07\/Moore_Salzburg_Logo_RGB.png","width":2080,"height":312,"caption":"Moore Salzburg GmbH"},"image":{"@id":"https:\/\/www.moore-salzburg.at\/#\/schema\/logo\/image\/"},"sameAs":["https:\/\/www.facebook.com\/MooreSalzburg","https:\/\/www.linkedin.com\/company\/moore-salzburg-gmbh","https:\/\/www.instagram.com\/moore_salzburg\/"]},{"@type":"Person","@id":"https:\/\/www.moore-salzburg.at\/#\/schema\/person\/0f57dc6f4cb19ab09633594fdaa61f58","name":"Ingrid Reitinger","image":{"@type":"ImageObject","inLanguage":"tr","@id":"https:\/\/secure.gravatar.com\/avatar\/5934def5243f7eaefac147bac7cf5eff045287d8cb0ee9d05cbc684d6553947c?s=96&d=mm&r=g","url":"https:\/\/secure.gravatar.com\/avatar\/5934def5243f7eaefac147bac7cf5eff045287d8cb0ee9d05cbc684d6553947c?s=96&d=mm&r=g","contentUrl":"https:\/\/secure.gravatar.com\/avatar\/5934def5243f7eaefac147bac7cf5eff045287d8cb0ee9d05cbc684d6553947c?s=96&d=mm&r=g","caption":"Ingrid Reitinger"},"url":"https:\/\/www.moore-salzburg.at\/tr\/author\/ingridreitinger\/"}]}},"_links":{"self":[{"href":"https:\/\/www.moore-salzburg.at\/tr\/wp-json\/wp\/v2\/posts\/1092","targetHints":{"allow":["GET"]}}],"collection":[{"href":"https:\/\/www.moore-salzburg.at\/tr\/wp-json\/wp\/v2\/posts"}],"about":[{"href":"https:\/\/www.moore-salzburg.at\/tr\/wp-json\/wp\/v2\/types\/post"}],"author":[{"embeddable":true,"href":"https:\/\/www.moore-salzburg.at\/tr\/wp-json\/wp\/v2\/users\/10"}],"replies":[{"embeddable":true,"href":"https:\/\/www.moore-salzburg.at\/tr\/wp-json\/wp\/v2\/comments?post=1092"}],"version-history":[{"count":0,"href":"https:\/\/www.moore-salzburg.at\/tr\/wp-json\/wp\/v2\/posts\/1092\/revisions"}],"wp:featuredmedia":[{"embeddable":true,"href":"https:\/\/www.moore-salzburg.at\/tr\/wp-json\/wp\/v2\/media\/1093"}],"wp:attachment":[{"href":"https:\/\/www.moore-salzburg.at\/tr\/wp-json\/wp\/v2\/media?parent=1092"}],"wp:term":[{"taxonomy":"category","embeddable":true,"href":"https:\/\/www.moore-salzburg.at\/tr\/wp-json\/wp\/v2\/categories?post=1092"},{"taxonomy":"post_tag","embeddable":true,"href":"https:\/\/www.moore-salzburg.at\/tr\/wp-json\/wp\/v2\/tags?post=1092"},{"taxonomy":"location","embeddable":true,"href":"https:\/\/www.moore-salzburg.at\/tr\/wp-json\/wp\/v2\/location?post=1092"}],"curies":[{"name":"wp","href":"https:\/\/api.w.org\/{rel}","templated":true}]}}